{"id":189,"date":"2009-08-28T14:37:09","date_gmt":"2009-08-28T13:37:09","guid":{"rendered":"http:\/\/www.icons-art.com\/2009\/?p=189"},"modified":"2010-09-23T14:12:46","modified_gmt":"2010-09-23T13:12:46","slug":"der-monat-september-beginn-des-orthodoxen-kirchenjahres-the-month-september-the-beginning-of-the-orthodox-church-year","status":"publish","type":"post","link":"https:\/\/www.icons-art.com\/2009\/der-monat-september-beginn-des-orthodoxen-kirchenjahres-the-month-september-the-beginning-of-the-orthodox-church-year\/","title":{"rendered":"Der Monat September &#8211; Beginn des orthodoxen Kirchenjahres \/ The Month September &#8211; The Beginning of the orthodox church year"},"content":{"rendered":"<!-- index.php -->\n<div\n\tclass=\"ngg-galleryoverview ngg-ajax-pagination-none\"\n\tid=\"ngg-gallery-d30606d44464f1c2ba41eadf10975b26-1\">\n\n    \t\t<!-- Thumbnails -->\n\t\t\t\t<div id=\"ngg-image-0\" class=\"ngg-gallery-thumbnail-box\" >\n\t\t\t\t        <div class=\"ngg-gallery-thumbnail\">\n            <a href=\"https:\/\/www.icons-art.com\/2009\/wp-content\/gallery\/september\/september.jpg\"\n               title=\"Der Monat September \/ The Month September&lt;br&gt;\r\nZentralrussische Ikone \/ Central-russian icon&lt;br&gt;\r\num 1800 \/ around 1800&lt;br&gt;\r\n31 x 26 cm&lt;br&gt;&lt;br&gt;\r\nSehr gut erhaltene Feinmalerei!&lt;br&gt; \r\nFine painted icon,very good condition!&lt;br&gt;\r\n&lt;br&gt;\r\n&lt;a href=\\&quot;mailto:loerke@icons-art.com\\&quot;&gt; Preisanfrage \/ Inquire for pricing!&lt;\/a&gt;\"\n               data-src=\"https:\/\/www.icons-art.com\/2009\/wp-content\/gallery\/september\/september.jpg\"\n               data-thumbnail=\"https:\/\/www.icons-art.com\/2009\/wp-content\/gallery\/september\/thumbs\/thumbs_september.jpg\"\n               data-image-id=\"193\"\n               data-title=\"00\"\n               data-description=\"Der Monat September \/ The Month September&lt;br&gt;\r\nZentralrussische Ikone \/ Central-russian icon&lt;br&gt;\r\num 1800 \/ around 1800&lt;br&gt;\r\n31 x 26 cm&lt;br&gt;&lt;br&gt;\r\nSehr gut erhaltene Feinmalerei!&lt;br&gt; \r\nFine painted icon,very good condition!&lt;br&gt;\r\n&lt;br&gt;\r\n&lt;a href=&quot;mailto:loerke@icons-art.com&quot;&gt; Preisanfrage \/ Inquire for pricing!&lt;\/a&gt;\"\n               data-image-slug=\"00\"\n               class=\"shutterset_d30606d44464f1c2ba41eadf10975b26\">\n                <img\n                    title=\"00\"\n                    alt=\"00\"\n                    src=\"https:\/\/www.icons-art.com\/2009\/wp-content\/gallery\/september\/thumbs\/thumbs_september.jpg\"\n                    width=\"100\"\n                    height=\"116\"\n                    style=\"max-width:100%;\"\n                \/>\n            <\/a>\n        <\/div>\n\t\t\t\t\t\t\t<\/div> \n\t\t\t\n                            \n\t\t\t\t<div id=\"ngg-image-1\" class=\"ngg-gallery-thumbnail-box\" >\n\t\t\t\t        <div class=\"ngg-gallery-thumbnail\">\n            <a href=\"https:\/\/www.icons-art.com\/2009\/wp-content\/gallery\/september\/september-1.jpg\"\n               title=\"1. September \/ September 1:&lt;br&gt;\r\nChristus predigt in der Synagoge &lt;br&gt;\r\nChrist is praying in the snagogue\"\n               data-src=\"https:\/\/www.icons-art.com\/2009\/wp-content\/gallery\/september\/september-1.jpg\"\n               data-thumbnail=\"https:\/\/www.icons-art.com\/2009\/wp-content\/gallery\/september\/thumbs\/thumbs_september-1.jpg\"\n               data-image-id=\"181\"\n               data-title=\"01\"\n               data-description=\"1. September \/ September 1:&lt;br&gt;\r\nChristus predigt in der Synagoge &lt;br&gt;\r\nChrist is praying in the snagogue\"\n               data-image-slug=\"01-1\"\n               class=\"shutterset_d30606d44464f1c2ba41eadf10975b26\">\n                <img\n                    title=\"01\"\n                    alt=\"01\"\n                    src=\"https:\/\/www.icons-art.com\/2009\/wp-content\/gallery\/september\/thumbs\/thumbs_september-1.jpg\"\n                    width=\"100\"\n                    height=\"107\"\n                    style=\"max-width:100%;\"\n                \/>\n            <\/a>\n        <\/div>\n\t\t\t\t\t\t\t<\/div> \n\t\t\t\n                            \n\t\t\t\t<div id=\"ngg-image-2\" class=\"ngg-gallery-thumbnail-box\" >\n\t\t\t\t        <div class=\"ngg-gallery-thumbnail\">\n            <a href=\"https:\/\/www.icons-art.com\/2009\/wp-content\/gallery\/september\/september-6.jpg\"\n               title=\"6. September \/ September 6:&lt;br&gt;\r\nErzengel Michael und das Wunder zu Chonae&lt;br&gt;\r\nArchangel Michael and the wonder at Chonae&lt;br&gt;\"\n               data-src=\"https:\/\/www.icons-art.com\/2009\/wp-content\/gallery\/september\/september-6.jpg\"\n               data-thumbnail=\"https:\/\/www.icons-art.com\/2009\/wp-content\/gallery\/september\/thumbs\/thumbs_september-6.jpg\"\n               data-image-id=\"186\"\n               data-title=\"06\"\n               data-description=\"6. September \/ September 6:&lt;br&gt;\r\nErzengel Michael und das Wunder zu Chonae&lt;br&gt;\r\nArchangel Michael and the wonder at Chonae&lt;br&gt;\"\n               data-image-slug=\"06-5\"\n               class=\"shutterset_d30606d44464f1c2ba41eadf10975b26\">\n                <img\n                    title=\"06\"\n                    alt=\"06\"\n                    src=\"https:\/\/www.icons-art.com\/2009\/wp-content\/gallery\/september\/thumbs\/thumbs_september-6.jpg\"\n                    width=\"100\"\n                    height=\"111\"\n                    style=\"max-width:100%;\"\n                \/>\n            <\/a>\n        <\/div>\n\t\t\t\t\t\t\t<\/div> \n\t\t\t\n                            \n\t\t\t\t<div id=\"ngg-image-3\" class=\"ngg-gallery-thumbnail-box\" >\n\t\t\t\t        <div class=\"ngg-gallery-thumbnail\">\n            <a href=\"https:\/\/www.icons-art.com\/2009\/wp-content\/gallery\/september\/september-8.jpg\"\n               title=\"8. September \/ September 8:&lt;br&gt;\r\nGeburt der Gottesmutter&lt;br&gt;\r\nNativity of the Mother of God&lt;br&gt;\"\n               data-src=\"https:\/\/www.icons-art.com\/2009\/wp-content\/gallery\/september\/september-8.jpg\"\n               data-thumbnail=\"https:\/\/www.icons-art.com\/2009\/wp-content\/gallery\/september\/thumbs\/thumbs_september-8.jpg\"\n               data-image-id=\"187\"\n               data-title=\"08\"\n               data-description=\"8. September \/ September 8:&lt;br&gt;\r\nGeburt der Gottesmutter&lt;br&gt;\r\nNativity of the Mother of God&lt;br&gt;\"\n               data-image-slug=\"08-8\"\n               class=\"shutterset_d30606d44464f1c2ba41eadf10975b26\">\n                <img\n                    title=\"08\"\n                    alt=\"08\"\n                    src=\"https:\/\/www.icons-art.com\/2009\/wp-content\/gallery\/september\/thumbs\/thumbs_september-8.jpg\"\n                    width=\"100\"\n                    height=\"118\"\n                    style=\"max-width:100%;\"\n                \/>\n            <\/a>\n        <\/div>\n\t\t\t\t\t\t\t<\/div> \n\t\t\t\n                            \n\t\t\t\t<div id=\"ngg-image-4\" class=\"ngg-gallery-thumbnail-box\" >\n\t\t\t\t        <div class=\"ngg-gallery-thumbnail\">\n            <a href=\"https:\/\/www.icons-art.com\/2009\/wp-content\/gallery\/september\/september-13.jpg\"\n               title=\"13. September \/ September 13:&lt;br&gt;\r\nWeihe der Anastasiskirche in Jerusalem&lt;br&gt;\r\nConsecration of the Anastasis-Church in Jerusalem&lt;br&gt;\"\n               data-src=\"https:\/\/www.icons-art.com\/2009\/wp-content\/gallery\/september\/september-13.jpg\"\n               data-thumbnail=\"https:\/\/www.icons-art.com\/2009\/wp-content\/gallery\/september\/thumbs\/thumbs_september-13.jpg\"\n               data-image-id=\"182\"\n               data-title=\"13\"\n               data-description=\"13. September \/ September 13:&lt;br&gt;\r\nWeihe der Anastasiskirche in Jerusalem&lt;br&gt;\r\nConsecration of the Anastasis-Church in Jerusalem&lt;br&gt;\"\n               data-image-slug=\"13-9\"\n               class=\"shutterset_d30606d44464f1c2ba41eadf10975b26\">\n                <img\n                    title=\"13\"\n                    alt=\"13\"\n                    src=\"https:\/\/www.icons-art.com\/2009\/wp-content\/gallery\/september\/thumbs\/thumbs_september-13.jpg\"\n                    width=\"100\"\n                    height=\"94\"\n                    style=\"max-width:100%;\"\n                \/>\n            <\/a>\n        <\/div>\n\t\t\t\t\t\t\t<\/div> \n\t\t\t\n                                    <br style=\"clear: both\" \/>\n                    \n\t\t\t\t<div id=\"ngg-image-5\" class=\"ngg-gallery-thumbnail-box\" >\n\t\t\t\t        <div class=\"ngg-gallery-thumbnail\">\n            <a href=\"https:\/\/www.icons-art.com\/2009\/wp-content\/gallery\/september\/september-14.jpg\"\n               title=\"14. September \/ September 14:&lt;br&gt;\r\nFest Kreuzerh\u00f6hung&lt;br&gt;\r\nThe feast of the Exaltation of the Cross&lt;br&gt;\"\n               data-src=\"https:\/\/www.icons-art.com\/2009\/wp-content\/gallery\/september\/september-14.jpg\"\n               data-thumbnail=\"https:\/\/www.icons-art.com\/2009\/wp-content\/gallery\/september\/thumbs\/thumbs_september-14.jpg\"\n               data-image-id=\"183\"\n               data-title=\"14\"\n               data-description=\"14. September \/ September 14:&lt;br&gt;\r\nFest Kreuzerh\u00f6hung&lt;br&gt;\r\nThe feast of the Exaltation of the Cross&lt;br&gt;\"\n               data-image-slug=\"14-7\"\n               class=\"shutterset_d30606d44464f1c2ba41eadf10975b26\">\n                <img\n                    title=\"14\"\n                    alt=\"14\"\n                    src=\"https:\/\/www.icons-art.com\/2009\/wp-content\/gallery\/september\/thumbs\/thumbs_september-14.jpg\"\n                    width=\"100\"\n                    height=\"107\"\n                    style=\"max-width:100%;\"\n                \/>\n            <\/a>\n        <\/div>\n\t\t\t\t\t\t\t<\/div> \n\t\t\t\n                            \n\t\t\t\t<div id=\"ngg-image-6\" class=\"ngg-gallery-thumbnail-box\" >\n\t\t\t\t        <div class=\"ngg-gallery-thumbnail\">\n            <a href=\"https:\/\/www.icons-art.com\/2009\/wp-content\/gallery\/september\/september-23.jpg\"\n               title=\"23. September \/ September 23: &lt;br&gt;\r\nEmpf\u00e4ngnis des Hl. Johannes des T\u00e4ufers&lt;br&gt;\r\nThe Conception of St. John Baptist&lt;br&gt;\"\n               data-src=\"https:\/\/www.icons-art.com\/2009\/wp-content\/gallery\/september\/september-23.jpg\"\n               data-thumbnail=\"https:\/\/www.icons-art.com\/2009\/wp-content\/gallery\/september\/thumbs\/thumbs_september-23.jpg\"\n               data-image-id=\"196\"\n               data-title=\"23\"\n               data-description=\"23. September \/ September 23: &lt;br&gt;\r\nEmpf\u00e4ngnis des Hl. Johannes des T\u00e4ufers&lt;br&gt;\r\nThe Conception of St. John Baptist&lt;br&gt;\"\n               data-image-slug=\"23-10\"\n               class=\"shutterset_d30606d44464f1c2ba41eadf10975b26\">\n                <img\n                    title=\"23\"\n                    alt=\"23\"\n                    src=\"https:\/\/www.icons-art.com\/2009\/wp-content\/gallery\/september\/thumbs\/thumbs_september-23.jpg\"\n                    width=\"100\"\n                    height=\"102\"\n                    style=\"max-width:100%;\"\n                \/>\n            <\/a>\n        <\/div>\n\t\t\t\t\t\t\t<\/div> \n\t\t\t\n                            \n\t\t\t\t<div id=\"ngg-image-7\" class=\"ngg-gallery-thumbnail-box\" >\n\t\t\t\t        <div class=\"ngg-gallery-thumbnail\">\n            <a href=\"https:\/\/www.icons-art.com\/2009\/wp-content\/gallery\/september\/september-26.jpg\"\n               title=\"26. September \/ September 26:&lt;br&gt;\r\nTod des hl. Apostels und Evangelisten Johannes&lt;br&gt;\r\nDeath of St. John, the Apostle and Evangelist&lt;br&gt;\"\n               data-src=\"https:\/\/www.icons-art.com\/2009\/wp-content\/gallery\/september\/september-26.jpg\"\n               data-thumbnail=\"https:\/\/www.icons-art.com\/2009\/wp-content\/gallery\/september\/thumbs\/thumbs_september-26.jpg\"\n               data-image-id=\"195\"\n               data-title=\"26\"\n               data-description=\"26. September \/ September 26:&lt;br&gt;\r\nTod des hl. Apostels und Evangelisten Johannes&lt;br&gt;\r\nDeath of St. John, the Apostle and Evangelist&lt;br&gt;\"\n               data-image-slug=\"26-1\"\n               class=\"shutterset_d30606d44464f1c2ba41eadf10975b26\">\n                <img\n                    title=\"26\"\n                    alt=\"26\"\n                    src=\"https:\/\/www.icons-art.com\/2009\/wp-content\/gallery\/september\/thumbs\/thumbs_september-26.jpg\"\n                    width=\"100\"\n                    height=\"105\"\n                    style=\"max-width:100%;\"\n                \/>\n            <\/a>\n        <\/div>\n\t\t\t\t\t\t\t<\/div> \n\t\t\t\n                            \n\t\t\n\t\t<!-- Pagination -->\n\t<div class='ngg-clear'><\/div>\t<\/div>\n  <strong>Mit dem Monat September beginnt das offizelle orthodoxe Kirchenjahr. Auf dieser zentralrussischen Monatsikone aus der Zeit um 1800 sind alle Feste und Heilige des Septembers abgebildet: \/ <span style=\"color: #800000;\">The official orthodox church year starts at September 1. This central-russian icon from the time around 1800 represents all feasts and saints from the month September:<\/span><\/strong><\/p>\n<p><strong><br \/>\n<\/strong><\/p>\n<p><span style=\"color: #993300;\"><span style=\"color: #000000;\"><!--more--><\/span><\/span><\/p>\n<p><strong><span style=\"color: #800000;\"><br \/>\n<\/span><\/strong><\/p>\n<ol>\n<li>Christus predigt in der Synagoge (=Beginn des orthodoxen Kirchenjahres) Hl. Simeon Stylites d.\u00c4. \/ Hl. Martha (Mutter des hl. Simeon Stylites \/ Hl. M\u00e4rtyrer Evodus, Kallistos, Herogenes und Agathokleos, \/ Prophet Joshua<span style=\"color: #800000;\">\/ Christ is praying in the synagogue \/ St. Simeon Stylites the Older \/ St. Martha (Mother of St. Simeon Stylites \/ Holy Martyrs Evodus, Kallistos, Herogenes and Agathokleos<\/span><\/li>\n<li>Hl. Mammas \/ Hl. Johannes der Faster (Patriarch v. Konstantinopel) <span style=\"color: #800000;\">\/ St. Mammas \/ St. John the Faster (Patriarch of Constantinople)<\/span><\/li>\n<li>Hl. Anthimos von Nikomedien \/ Hl. Theoktistos <span style=\"color: #800000;\">\/ St. Anthimos of Nikomedia \/ St. Theoktistos<\/span><\/li>\n<li>Hl. Babylas, Bischof von Antiochia \/ Hl. Babylas von Nikomedia \/ Prophet Moses <span style=\"color: #800000;\">\/ St. Babylas, Bishop of Antiochia \/ St. Babylas of Nikomedia \/ Prophet Moses<\/span><\/li>\n<li> Prophet Zacharias \/  Hl. Gleb \/ Hl. Elisabeth (Mutter Johannes d. T\u00e4ufers) <span style=\"color: #800000;\">\/ Prophet Zacharias \/ St. Gleb \/ St. Elisabeth (Mother of St. John Baptist)<\/span><\/li>\n<li>Erzengel Michael und das Wunder zu Chonae \/ Hl. M\u00e4rtyrer Eudoxios <span style=\"color: #800000;\">\/ Archangel Michael and the wonder at Chonae \/ St. Martyr Eudoxios<\/span><\/li>\n<li>Hl. M\u00e4rtyrer Sozon \/ Hl. Johannes, Erzbischof v. Nowgorod<span style=\"color: #800000;\">\/ St. Martyr Sozon \/ St. John, Archbishop of Novgorod<br \/>\n<\/span><\/li>\n<li> Geburt der Gottesmutter <span style=\"color: #800000;\">\/ Nativity of the Mother of God<\/span><\/li>\n<li>Hl. Joachim &amp; Hl. Anna (Eltern der Gottesmutter) \/ Hl. Severianos \/ Hl. Joseph v. Wolokolamsk<span style=\"color: #800000;\">\/ St. Joachim &amp; Anna\/ St. Severianos \/ St.\u00a0 Joseph of Wolokolamsk<br \/>\n<\/span><\/li>\n<li> Hl. Menodora \/ Hl. Metrodora \/ Hl. Nymphodora<span style=\"color: #800000;\">\/ St. Menodora \/ St. Metrodora \/ St. Nymphodora<br \/>\n<\/span><\/li>\n<li> Hl. Theodora v. Alexandrien <span style=\"color: #800000;\">\/ St. Theodora of Alexandria<\/span><\/li>\n<li>Hl. Autonomos<span style=\"color: #800000;\">\/ St. Autonomos<br \/>\n<\/span><\/li>\n<li>Weihe der Anastasiskirche in Jerusalem \/  Hl. Kornelius <span style=\"color: #800000;\">\/ The consecration of the Anastasis church in Jerusalem \/ St. Cornelius<\/span><\/li>\n<li>Fest Kreuzerh\u00f6hung \/ Hl. Johannes Chrysostomos <span style=\"color: #800000;\">\/ Feast of the Exaltation of the Cross \/ St. John Chrysostomos<br \/>\n<\/span><\/li>\n<li><span style=\"color: #800000;\"><span style=\"color: #000000;\">Hl. Nikitas <span style=\"color: #800000;\">\/<\/span> <\/span>St. Nikitas<\/span><\/li>\n<li>Hl. Euphemia \/ Hl. Kyprian, Metropolit v. Kiew und ganz Ru\u00dfland <span style=\"color: #800000;\">\/ St. Euphemia \/ St. Cyprian, Metropolit of Kiev and Russia<\/span><\/li>\n<li> Hl. Sophia mit ihren T\u00f6chtern Vera, Ljuba &amp; Nadeshda <span style=\"color: #800000;\">\/ St. Sophia with her daughters Vera, Ljuba &amp; Nadeshda<\/span><\/li>\n<li> Hl. Eumenios of Gortyna \/ Hl. Simeon <span style=\"color: #800000;\">\/ St. Eumenios of Gortyna \/ St. Simeon<\/span><\/li>\n<li> Hl. Trophimos \/ Hl. Sabbatios \/ Hl. Dorymetes \/ Hl. Gro\u00dff\u00fcrst Feodor mit seinen S\u00f6hnen David und Konstantin<span style=\"color: #800000;\">\/ St. Trophimos \/ St. Sabbatios \/ St. Dorymetes \/ St.\u00a0 Grand Duke Feodor with his sons David and Constantin<br \/>\n<\/span><\/li>\n<li> Hl. Eustathios \/ Hl. M\u00e4rtyrer Michael, Prinz von Tschernigow, Nowgorod und Kiew und sein Berater Feodor <span style=\"color: #800000;\">\/ St. Eustathios \/ St. Martyr Michael, Prince of Tschernigow, Nowgorod and Kiev and his mentor Feodor<\/span><\/li>\n<li> Hl.  Kodratos<span style=\"color: #800000;\">\/ St. Kodratos<br \/>\n<\/span><\/li>\n<li>Hl. Phokas \/ Prophet Jonas \/ Hl. Jonas<span style=\"color: #800000;\"> \/ St. Phokas \/ Prophet Jonas \/ St. Jonas<br \/>\n<\/span><\/li>\n<li>Empf\u00e4ngnis des hl. Johannes des T\u00e4ufers <span style=\"color: #800000;\">\/ Conception of St. John Baptist<\/span><\/li>\n<li>Hl. Thekla <span style=\"color: #800000;\">\/ St. Thekla<\/span><\/li>\n<li>Hl. Euphrosyna \/ Hl.Sergios von Radonesh <span style=\"color: #800000;\">\/ St. Euphrosyna \/ St. Sergius of Radonesh<\/span><\/li>\n<li>Tod des hl. Apostels und Evangelisten Johannes <span style=\"color: #800000;\">\/ Death of the apostle and evangelist St. John<\/span><\/li>\n<li> Hl. Kallistratos \/ Hl. Savvatij <span style=\"color: #800000;\">\/ St. Kallistratos \/ St. Savvatij<\/span><\/li>\n<li>Hl. Chariton <span style=\"color: #800000;\">\/ St. Chariton<\/span><\/li>\n<li>Hl. Kyriakos <span style=\"color: #800000;\">\/ St. Cyriakos<\/span><\/li>\n<li>Hl. Gregorios von Armenien \/ Hl. Gregorios von Wologda <span style=\"color: #800000;\">\/ St. Gregorios of Armenia \/ St. Gregorios of Wologda<\/span><\/li>\n<\/ol>\n","protected":false},"excerpt":{"rendered":"<p>Mit dem Monat September beginnt das offizelle orthodoxe Kirchenjahr. Auf dieser zentralrussischen Monatsikone aus der Zeit um 1800 sind alle Feste und Heilige des Septembers abgebildet: \/ The official orthodox church year starts at September 1. This central-russian icon from &hellip; <a href=\"https:\/\/www.icons-art.com\/2009\/der-monat-september-beginn-des-orthodoxen-kirchenjahres-the-month-september-the-beginning-of-the-orthodox-church-year\/\">Weiter<\/a><\/p>\n","protected":false},"author":1,"featured_media":0,"comment_status":"closed","ping_status":"closed","sticky":false,"template":"","format":"standard","meta":{"ngg_post_thumbnail":0,"footnotes":""},"categories":[7],"tags":[],"aioseo_notices":[],"_links":{"self":[{"href":"https:\/\/www.icons-art.com\/2009\/wp-json\/wp\/v2\/posts\/189"}],"collection":[{"href":"https:\/\/www.icons-art.com\/2009\/wp-json\/wp\/v2\/posts"}],"about":[{"href":"https:\/\/www.icons-art.com\/2009\/wp-json\/wp\/v2\/types\/post"}],"author":[{"embeddable":true,"href":"https:\/\/www.icons-art.com\/2009\/wp-json\/wp\/v2\/users\/1"}],"replies":[{"embeddable":true,"href":"https:\/\/www.icons-art.com\/2009\/wp-json\/wp\/v2\/comments?post=189"}],"version-history":[{"count":33,"href":"https:\/\/www.icons-art.com\/2009\/wp-json\/wp\/v2\/posts\/189\/revisions"}],"predecessor-version":[{"id":219,"href":"https:\/\/www.icons-art.com\/2009\/wp-json\/wp\/v2\/posts\/189\/revisions\/219"}],"wp:attachment":[{"href":"https:\/\/www.icons-art.com\/2009\/wp-json\/wp\/v2\/media?parent=189"}],"wp:term":[{"taxonomy":"category","embeddable":true,"href":"https:\/\/www.icons-art.com\/2009\/wp-json\/wp\/v2\/categories?post=189"},{"taxonomy":"post_tag","embeddable":true,"href":"https:\/\/www.icons-art.com\/2009\/wp-json\/wp\/v2\/tags?post=189"}],"curies":[{"name":"wp","href":"https:\/\/api.w.org\/{rel}","templated":true}]}}