{"id":295,"date":"2010-05-12T12:12:55","date_gmt":"2010-05-12T11:12:55","guid":{"rendered":"http:\/\/www.icons-art.com\/2009\/?p=295"},"modified":"2010-09-23T14:11:22","modified_gmt":"2010-09-23T13:11:22","slug":"der-kosmos-auf-der-pfingstikone-the-cosmos-at-the-icon-of-pentecost","status":"publish","type":"post","link":"https:\/\/www.icons-art.com\/2009\/der-kosmos-auf-der-pfingstikone-the-cosmos-at-the-icon-of-pentecost\/","title":{"rendered":"Der Kosmos auf der Pfingstikone \/ The Cosmos at the icon of Pentecost"},"content":{"rendered":"<p>Darstellungen des Pfingstereignisses gehen auf die Schilderung in der Apostelgeschichte (2,1-13) zur\u00fcck. Von der Anwesenheit der Mutter Jesu bei diesem &#8222;Gr\u00fcndungstag der Kirche&#8220; wird nicht explizit gesprochen, doch laut Apg 1,14 war sie von Anfang an bei der Urgemeinde. Seit dem 13. Jahrhundert, gelegentlich aber schon fr\u00fcher, ist sie auf Pfingstbildern fast immer zu sehen. Doch wer ist die gekr\u00f6nte Gestalt in der Bildmitte unten? &#8211; Es handelt sich um die Personifizierung des Kosmos, welche auf einem wei\u00dfen Tuch die Textrollen mit den verschiedenen Sprachen h\u00e4lt, in denen die Apostel nach der Ausgiessung des Hl. Geistes geredet haben.<\/p>\n<p><span style=\"color: #993300;\"><span style=\"color: #000000;\"><!--more--><\/span><\/span><\/p>\n<p><span style=\"color: #800000;\">Depictions of Pentecost are based on the Acts of the Apostles (2,1-13). It is not mentioned if the Mother of God was present at this &#8222;Foundation-day of the church&#8220;, but -according to the Acts 1,14- she was from the beginning together with the apostles. At illustrations of Pentecost she is mostly pictured since the 13th century, sometimes also earlier. But who is the crowned figure below in the middle? &#8211; It is the personification of the cosmos, who holds a white shawl with the textrolls of the different languages, in which the apostles have spoken after the Descending of the Holy Ghost.<\/span><\/p>\n","protected":false},"excerpt":{"rendered":"<p>Darstellungen des Pfingstereignisses gehen auf die Schilderung in der Apostelgeschichte (2,1-13) zur\u00fcck. Von der Anwesenheit der Mutter Jesu bei diesem &#8222;Gr\u00fcndungstag der Kirche&#8220; wird nicht explizit gesprochen, doch laut Apg 1,14 war sie von Anfang an bei der Urgemeinde. Seit &hellip; <a href=\"https:\/\/www.icons-art.com\/2009\/der-kosmos-auf-der-pfingstikone-the-cosmos-at-the-icon-of-pentecost\/\">Weiter<\/a><\/p>\n","protected":false},"author":1,"featured_media":0,"comment_status":"closed","ping_status":"closed","sticky":false,"template":"","format":"standard","meta":{"ngg_post_thumbnail":0,"footnotes":""},"categories":[7],"tags":[],"aioseo_notices":[],"_links":{"self":[{"href":"https:\/\/www.icons-art.com\/2009\/wp-json\/wp\/v2\/posts\/295"}],"collection":[{"href":"https:\/\/www.icons-art.com\/2009\/wp-json\/wp\/v2\/posts"}],"about":[{"href":"https:\/\/www.icons-art.com\/2009\/wp-json\/wp\/v2\/types\/post"}],"author":[{"embeddable":true,"href":"https:\/\/www.icons-art.com\/2009\/wp-json\/wp\/v2\/users\/1"}],"replies":[{"embeddable":true,"href":"https:\/\/www.icons-art.com\/2009\/wp-json\/wp\/v2\/comments?post=295"}],"version-history":[{"count":12,"href":"https:\/\/www.icons-art.com\/2009\/wp-json\/wp\/v2\/posts\/295\/revisions"}],"predecessor-version":[{"id":340,"href":"https:\/\/www.icons-art.com\/2009\/wp-json\/wp\/v2\/posts\/295\/revisions\/340"}],"wp:attachment":[{"href":"https:\/\/www.icons-art.com\/2009\/wp-json\/wp\/v2\/media?parent=295"}],"wp:term":[{"taxonomy":"category","embeddable":true,"href":"https:\/\/www.icons-art.com\/2009\/wp-json\/wp\/v2\/categories?post=295"},{"taxonomy":"post_tag","embeddable":true,"href":"https:\/\/www.icons-art.com\/2009\/wp-json\/wp\/v2\/tags?post=295"}],"curies":[{"name":"wp","href":"https:\/\/api.w.org\/{rel}","templated":true}]}}